{"id":745,"date":"2014-02-27T13:58:58","date_gmt":"2014-02-27T13:58:58","guid":{"rendered":"http:\/\/www.encontrasantacruz.com.br\/noticias\/?p=745"},"modified":"2014-02-27T13:58:58","modified_gmt":"2014-02-27T13:58:58","slug":"carnaval-reunira-escolas-de-samba-da-regiao-em-santa-cruz","status":"publish","type":"post","link":"https:\/\/www.encontrasantacruz.com.br\/noticias\/carnaval-reunira-escolas-de-samba-da-regiao-em-santa-cruz\/","title":{"rendered":"Carnaval reunir\u00e1 escolas de samba da regi\u00e3o em Santa Cruz"},"content":{"rendered":"<p>Foi dada a largada para os festejos de Carnaval em Santa Cruz do Sul. A Prefeitura formalizou a apresenta\u00e7\u00e3o do Carnaval Regional, que al\u00e9m das cinco agremia\u00e7\u00f5es locais, reunir\u00e1 as escolas de samba campe\u00e3s de outros munic\u00edpios dos vales do Rio Pardo e Taquari. O an\u00fancio foi realizado no Parque da Oktoberfest, na Casa da RBS \u2013 grupo de comunica\u00e7\u00e3o que apoiar\u00e1 o evento \u2013 na presen\u00e7a autoridades e representantes das entidades carnavalescas da regi\u00e3o.<\/p>\n<p>Com o aumento do n\u00famero de escolas, os desfiles que tradicionalmente ocorrem no Parque da Oktoberfest ser\u00e3o divididos em duas noites: 15 e 16 de mar\u00e7o. O cronograma ainda ser\u00e1 detalhado e amplamente divulgado pelos ve\u00edculos de comunica\u00e7\u00e3o nos pr\u00f3ximos dias, j\u00e1 que Santa Cruz espera receber a ades\u00e3o de outros munic\u00edpios para o Carnaval Regional. At\u00e9 o momento, confirmaram participa\u00e7\u00e3o Rio Pardo e Ven\u00e2ncio Aires \u2013 que no an\u00fancio estiveram representadas pelos respectivos prefeitos Fernando Schwanke e Airton Artus \u2013, al\u00e9m do prest\u00edgio do Bumba Meu Boi, organizado pelo grupo de Encruzilhada do Sul. A expectativa \u00e9 de que Lajeado e Taquari venham a integrar o evento.<\/p>\n<p>O secret\u00e1rio municipal de Desenvolvimento Econ\u00f4mico, Turismo, Ci\u00eancia e Tecnologia, Cesar Cechinato, refor\u00e7ou a inten\u00e7\u00e3o de tornar Santa Cruz um polo regional do Carnaval. \u201cJ\u00e1 sediamos eventos de grande porte e reconhecidos at\u00e9 internacionalmente, como o Enart e a Oktoberfest. Nossa cidade \u00e9 multicultural, por isso tem plenas condi\u00e7\u00f5es de tamb\u00e9m ter um Carnaval capaz de entusiasmar toda a regi\u00e3o\u201d, declarou.<\/p>\n<p>O prefeito Telmo Kirst salientou aos representantes das escolas de samba que, por parte do governo municipal, n\u00e3o faltar\u00e1 apoio para garantir o sucesso do evento. \u201cNa primeira edi\u00e7\u00e3o da Oktoberfest, eu disse para o secret\u00e1rio de turismo da \u00e9poca que o evento veio para ficar. Ouso a dizer que, com o apoio que recebemos do Grupo RBS, o Carnaval Regional tamb\u00e9m vai se consolidar, e tem tudo para crescer e se expandir, proporcionando uma verdadeira integra\u00e7\u00e3o com reflexos no desenvolvimento econ\u00f4mico, social e cultural da regi\u00e3o\u201d, afirmou.<\/p>\n<p>Al\u00e9m da Prefeitura e do Grupo RBS, integram a organiza\u00e7\u00e3o do Carnaval Regional a Associa\u00e7\u00e3o de Entidades Carnavalescas, Associa\u00e7\u00e3o de Turismo do Vale do Rio Pardo (Atuvarp) e Associa\u00e7\u00e3o de Entidades Empresariais de Santa Cruz (Assemp).<\/p>\n","protected":false},"excerpt":{"rendered":"<p>Foi dada a largada para os festejos de Carnaval em Santa Cruz do Sul. A Prefeitura formalizou a apresenta\u00e7\u00e3o do Carnaval Regional, que al\u00e9m das cinco agremia\u00e7\u00f5es locais, reunir\u00e1 as escolas de samba campe\u00e3s de outros munic\u00edpios dos vales do Rio Pardo e Taquari. O an\u00fancio foi realizado no Parque da Oktoberfest, na Casa da [&hellip;]<\/p>\n","protected":false},"author":1,"featured_media":0,"comment_status":"open","ping_status":"open","sticky":false,"template":"","format":"standard","meta":{"footnotes":""},"categories":[6],"tags":[],"class_list":["post-745","post","type-post","status-publish","format-standard","hentry","category-noticias"],"_links":{"self":[{"href":"https:\/\/www.encontrasantacruz.com.br\/noticias\/wp-json\/wp\/v2\/posts\/745"}],"collection":[{"href":"https:\/\/www.encontrasantacruz.com.br\/noticias\/wp-json\/wp\/v2\/posts"}],"about":[{"href":"https:\/\/www.encontrasantacruz.com.br\/noticias\/wp-json\/wp\/v2\/types\/post"}],"author":[{"embeddable":true,"href":"https:\/\/www.encontrasantacruz.com.br\/noticias\/wp-json\/wp\/v2\/users\/1"}],"replies":[{"embeddable":true,"href":"https:\/\/www.encontrasantacruz.com.br\/noticias\/wp-json\/wp\/v2\/comments?post=745"}],"version-history":[{"count":1,"href":"https:\/\/www.encontrasantacruz.com.br\/noticias\/wp-json\/wp\/v2\/posts\/745\/revisions"}],"predecessor-version":[{"id":746,"href":"https:\/\/www.encontrasantacruz.com.br\/noticias\/wp-json\/wp\/v2\/posts\/745\/revisions\/746"}],"wp:attachment":[{"href":"https:\/\/www.encontrasantacruz.com.br\/noticias\/wp-json\/wp\/v2\/media?parent=745"}],"wp:term":[{"taxonomy":"category","embeddable":true,"href":"https:\/\/www.encontrasantacruz.com.br\/noticias\/wp-json\/wp\/v2\/categories?post=745"},{"taxonomy":"post_tag","embeddable":true,"href":"https:\/\/www.encontrasantacruz.com.br\/noticias\/wp-json\/wp\/v2\/tags?post=745"}],"curies":[{"name":"wp","href":"https:\/\/api.w.org\/{rel}","templated":true}]}}